{"id":457,"date":"2020-05-05T00:45:23","date_gmt":"2020-05-05T03:45:23","guid":{"rendered":"http:\/\/modocooperativo.uy\/?p=457"},"modified":"2020-05-05T02:04:24","modified_gmt":"2020-05-05T05:04:24","slug":"cooperativas-de-ahorro-y-credito-apoyan-a-las-mipymes-ante-la-emergencia-sanitaria","status":"publish","type":"post","link":"https:\/\/modocooperativo.uy\/index.php\/2020\/05\/05\/cooperativas-de-ahorro-y-credito-apoyan-a-las-mipymes-ante-la-emergencia-sanitaria\/","title":{"rendered":"Cooperativas de Ahorro y Cr\u00e9dito apoyan a las MIPYMES ante la Emergencia Sanitaria"},"content":{"rendered":"<p>Ante las medidas de apoyo anunciadas como consecuencia de la emergencia sanitaria declarada por el Poder Ejecutivo en marzo de 2020, la Corporaci\u00f3n Nacional para el Desarrollo, en conjunto con el Ministerio de Econom\u00eda y Finanzas, la Agencia Nacional de Desarrollo y CONAFIN AFISA (fiduciario financiero de CND) lanzaron una nueva l\u00ednea de garant\u00edas m\u00e1s flexible y econ\u00f3mica para respaldar los cr\u00e9ditos de las micro, peque\u00f1as y medianas empresas.<\/p>\n<p>Esta nueva herramienta del Sistema Nacional de Garant\u00edas (Siga) est\u00e1 destinada a todas las empresas que han visto afectada su operativa y sus posibilidades de financiamiento en el marco de la emergencia sanitaria, y no cuentan con garant\u00edas necesarias o suficientes para respaldar sus necesidades de cr\u00e9dito.<\/p>\n<p>El cr\u00e9dito puede ser solicitado para nuevo capital: de trabajo o de inversi\u00f3n, o para ser utilizado en reestructurar deudas previas y alargar plazos de pago.<\/p>\n<p>Las cooperativas adheridas al sistema son:\u00a0<strong>PROLECO, CINTEPA, FUCAC y COOPACE.<\/strong><\/p>\n<p>Por m\u00e1s informaci\u00f3n:\u00a0<a href=\"https:\/\/www.siga.com.uy\/\" target=\"_blank\" rel=\"noopener noreferrer\" data-saferedirecturl=\"https:\/\/www.google.com\/url?q=https:\/\/www.siga.com.uy\/&amp;source=gmail&amp;ust=1588721623049000&amp;usg=AFQjCNEyz6OgIYlJnp_b7JH48TTMjtZkjA\">https:\/\/www.siga.com.uy\/<\/a><\/p>\n<p>&nbsp;<\/p>\n<p><img fetchpriority=\"high\" decoding=\"async\" class=\"alignnone wp-image-459\" src=\"http:\/\/modocooperativo.uy\/wp-content\/uploads\/2020\/05\/CUCACC-Apoyo-a-las-MIPYMES-300x300.png\" alt=\"\" width=\"536\" height=\"536\" srcset=\"https:\/\/modocooperativo.uy\/wp-content\/uploads\/2020\/05\/CUCACC-Apoyo-a-las-MIPYMES-300x300.png 300w, https:\/\/modocooperativo.uy\/wp-content\/uploads\/2020\/05\/CUCACC-Apoyo-a-las-MIPYMES-1024x1024.png 1024w, https:\/\/modocooperativo.uy\/wp-content\/uploads\/2020\/05\/CUCACC-Apoyo-a-las-MIPYMES-150x150.png 150w, https:\/\/modocooperativo.uy\/wp-content\/uploads\/2020\/05\/CUCACC-Apoyo-a-las-MIPYMES-768x768.png 768w, https:\/\/modocooperativo.uy\/wp-content\/uploads\/2020\/05\/CUCACC-Apoyo-a-las-MIPYMES-75x75.png 75w, https:\/\/modocooperativo.uy\/wp-content\/uploads\/2020\/05\/CUCACC-Apoyo-a-las-MIPYMES-750x750.png 750w, https:\/\/modocooperativo.uy\/wp-content\/uploads\/2020\/05\/CUCACC-Apoyo-a-las-MIPYMES-1140x1140.png 1140w, https:\/\/modocooperativo.uy\/wp-content\/uploads\/2020\/05\/CUCACC-Apoyo-a-las-MIPYMES.png 1200w\" sizes=\"(max-width: 536px) 100vw, 536px\" \/><\/p>\n<p>&nbsp;<\/p>\n<p>&nbsp;<\/p>\n<p><em>fuente: www.cucacc.coop<\/em><\/p>\n","protected":false},"excerpt":{"rendered":"<p>Ante las medidas de apoyo anunciadas como consecuencia de la emergencia sanitaria declarada por el Poder Ejecutivo en marzo de 2020, la Corporaci\u00f3n Nacional para el Desarrollo, en conjunto con el Ministerio de Econom\u00eda y Finanzas, la Agencia Nacional de Desarrollo y CONAFIN AFISA (fiduciario financiero de CND) lanzaron una nueva l\u00ednea de garant\u00edas m\u00e1s [&hellip;]<\/p>\n","protected":false},"author":1,"featured_media":462,"comment_status":"open","ping_status":"open","sticky":false,"template":"","format":"standard","meta":{"footnotes":""},"categories":[28],"tags":[141,103,44,104,142,140],"class_list":["post-457","post","type-post","status-publish","format-standard","has-post-thumbnail","hentry","category-uruguay","tag-ande","tag-cooperativas-de-ahorro-y-credito","tag-covid-19","tag-cucacc","tag-emergencia-sanitaria","tag-mipymes"],"_links":{"self":[{"href":"https:\/\/modocooperativo.uy\/index.php\/wp-json\/wp\/v2\/posts\/457","targetHints":{"allow":["GET"]}}],"collection":[{"href":"https:\/\/modocooperativo.uy\/index.php\/wp-json\/wp\/v2\/posts"}],"about":[{"href":"https:\/\/modocooperativo.uy\/index.php\/wp-json\/wp\/v2\/types\/post"}],"author":[{"embeddable":true,"href":"https:\/\/modocooperativo.uy\/index.php\/wp-json\/wp\/v2\/users\/1"}],"replies":[{"embeddable":true,"href":"https:\/\/modocooperativo.uy\/index.php\/wp-json\/wp\/v2\/comments?post=457"}],"version-history":[{"count":5,"href":"https:\/\/modocooperativo.uy\/index.php\/wp-json\/wp\/v2\/posts\/457\/revisions"}],"predecessor-version":[{"id":465,"href":"https:\/\/modocooperativo.uy\/index.php\/wp-json\/wp\/v2\/posts\/457\/revisions\/465"}],"wp:featuredmedia":[{"embeddable":true,"href":"https:\/\/modocooperativo.uy\/index.php\/wp-json\/wp\/v2\/media\/462"}],"wp:attachment":[{"href":"https:\/\/modocooperativo.uy\/index.php\/wp-json\/wp\/v2\/media?parent=457"}],"wp:term":[{"taxonomy":"category","embeddable":true,"href":"https:\/\/modocooperativo.uy\/index.php\/wp-json\/wp\/v2\/categories?post=457"},{"taxonomy":"post_tag","embeddable":true,"href":"https:\/\/modocooperativo.uy\/index.php\/wp-json\/wp\/v2\/tags?post=457"}],"curies":[{"name":"wp","href":"https:\/\/api.w.org\/{rel}","templated":true}]}}