{"id":3757,"date":"2026-03-17T12:02:26","date_gmt":"2026-03-17T15:02:26","guid":{"rendered":"https:\/\/modocooperativo.uy\/?p=3757"},"modified":"2026-03-17T12:02:38","modified_gmt":"2026-03-17T15:02:38","slug":"llamado-a-colectivos-con-proyectos-innovadores","status":"publish","type":"post","link":"https:\/\/modocooperativo.uy\/index.php\/2026\/03\/17\/llamado-a-colectivos-con-proyectos-innovadores\/","title":{"rendered":"Llamado a colectivos con proyectos innovadores"},"content":{"rendered":"<p>Inacoop, Miem y Cudecoop llaman a colectivos con proyectos innovadores que quieran emprender en el sector cooperativo.<\/p>\n<p>Se convoca a grupos que quieran convertirse en una empresa cooperativa o que ya conformen una y busquen renovar su portafolio o explorar nuevas ideas de negocio.<\/p>\n<p>INCUBACOOP ofrece apoyo en:<\/p>\n<p>\ud83d\udd39Formaci\u00f3n y acompa\u00f1amiento personalizado<\/p>\n<p>\ud83d\udd39Desarrollo de plan de negocios<\/p>\n<p>\ud83d\udd39Tutor\u00edas y comunicaci\u00f3n estrat\u00e9gica<\/p>\n<p>\ud83d\udd39Conexiones con proveedores, clientes y el ecosistema emprendedor<\/p>\n<p>\u00c1reas: TICs, industrias culturales, agroalimentaci\u00f3n, salud, log\u00edstica, turismo, biotecnolog\u00eda, y m\u00e1s.<\/p>\n<p>Plazo: 26 de marzo<\/p>\n<p>Inscripciones: www.incubacoop.org.uy<\/p>\n<p>Consultas: comunicaci\u00f3n@incubacoop.org.uy<\/p>\n<p><img decoding=\"async\" draggable=\"false\" data-src=\"https:\/\/static.wixstatic.com\/media\/356d79_0e5f220b194e4e0292c5b4e3a430f95d~mv2.jpeg\/v1\/fill\/w_1188,h_1584,al_c,q_85,usm_0.66_1.00_0.01,enc_avif,quality_auto\/356d79_0e5f220b194e4e0292c5b4e3a430f95d~mv2.jpeg\" alt=\"\" data-pin-url=\"https:\/\/www.inacoop.org.uy\/single-post\/llamado-incubacoop-2026\" data-pin-media=\"https:\/\/static.wixstatic.com\/media\/356d79_0e5f220b194e4e0292c5b4e3a430f95d~mv2.jpeg\/v1\/fill\/w_1200,h_1600,al_c,q_85\/356d79_0e5f220b194e4e0292c5b4e3a430f95d~mv2.jpeg\" data-load-done=\"\" src=\"data:image\/svg+xml;base64,PHN2ZyB3aWR0aD0iMSIgaGVpZ2h0PSIxIiB4bWxucz0iaHR0cDovL3d3dy53My5vcmcvMjAwMC9zdmciPjwvc3ZnPg==\" class=\"lazyload\" \/><\/p>\n","protected":false},"excerpt":{"rendered":"<p>Inacoop, Miem y Cudecoop llaman a colectivos con proyectos innovadores que quieran emprender en el sector cooperativo. Se convoca a grupos que quieran convertirse en una empresa cooperativa o que ya conformen una y busquen renovar su portafolio o explorar nuevas ideas de negocio. INCUBACOOP ofrece apoyo en: \ud83d\udd39Formaci\u00f3n y acompa\u00f1amiento personalizado \ud83d\udd39Desarrollo de plan [&hellip;]<\/p>\n","protected":false},"author":1,"featured_media":1408,"comment_status":"closed","ping_status":"closed","sticky":false,"template":"","format":"standard","meta":{"footnotes":""},"categories":[20,84],"tags":[],"class_list":["post-3757","post","type-post","status-publish","format-standard","has-post-thumbnail","hentry","category-llamados","category-oportunidades"],"_links":{"self":[{"href":"https:\/\/modocooperativo.uy\/index.php\/wp-json\/wp\/v2\/posts\/3757","targetHints":{"allow":["GET"]}}],"collection":[{"href":"https:\/\/modocooperativo.uy\/index.php\/wp-json\/wp\/v2\/posts"}],"about":[{"href":"https:\/\/modocooperativo.uy\/index.php\/wp-json\/wp\/v2\/types\/post"}],"author":[{"embeddable":true,"href":"https:\/\/modocooperativo.uy\/index.php\/wp-json\/wp\/v2\/users\/1"}],"replies":[{"embeddable":true,"href":"https:\/\/modocooperativo.uy\/index.php\/wp-json\/wp\/v2\/comments?post=3757"}],"version-history":[{"count":2,"href":"https:\/\/modocooperativo.uy\/index.php\/wp-json\/wp\/v2\/posts\/3757\/revisions"}],"predecessor-version":[{"id":3759,"href":"https:\/\/modocooperativo.uy\/index.php\/wp-json\/wp\/v2\/posts\/3757\/revisions\/3759"}],"wp:featuredmedia":[{"embeddable":true,"href":"https:\/\/modocooperativo.uy\/index.php\/wp-json\/wp\/v2\/media\/1408"}],"wp:attachment":[{"href":"https:\/\/modocooperativo.uy\/index.php\/wp-json\/wp\/v2\/media?parent=3757"}],"wp:term":[{"taxonomy":"category","embeddable":true,"href":"https:\/\/modocooperativo.uy\/index.php\/wp-json\/wp\/v2\/categories?post=3757"},{"taxonomy":"post_tag","embeddable":true,"href":"https:\/\/modocooperativo.uy\/index.php\/wp-json\/wp\/v2\/tags?post=3757"}],"curies":[{"name":"wp","href":"https:\/\/api.w.org\/{rel}","templated":true}]}}