{"id":3749,"date":"2026-03-15T11:52:35","date_gmt":"2026-03-15T14:52:35","guid":{"rendered":"https:\/\/modocooperativo.uy\/?p=3749"},"modified":"2026-03-17T11:55:07","modified_gmt":"2026-03-17T14:55:07","slug":"renovacion-del-programa-de-formacion-cooperativa-procoop","status":"publish","type":"post","link":"https:\/\/modocooperativo.uy\/index.php\/2026\/03\/15\/renovacion-del-programa-de-formacion-cooperativa-procoop\/","title":{"rendered":"Renovaci\u00f3n del programa de formaci\u00f3n cooperativa Procoop"},"content":{"rendered":"<p>Se firm\u00f3 en el Ministerio de Trabajo y Seguridad Social (MTSS) un nuevo acuerdo para ampliar y dar continuidad al Programa de Formaci\u00f3n Cooperativa (Procoop) entre el Instituto Nacional del Cooperativismo (Inacoop) y el Instituto Nacional de Empleo y Formaci\u00f3n Profesional (Inefop), una herramienta que desde hace m\u00e1s de una d\u00e9cada cumple un papel central en el desarrollo del movimiento cooperativo uruguayo.<\/p>\n<p>De la actividad participaron Juan Castillo, ministro de Trabajo y Seguridad Social; Graciela Fern\u00e1ndez, presidenta de Inacoop; Miguel Venturiello, director de Inefop y Hugo Monta\u00f1o, presidente de Cudecoop.<\/p>\n<p>En su intervenci\u00f3n, Hugo Monta\u00f1o destac\u00f3 la importancia estructural que ha tenido el Programa en la evoluci\u00f3n del sector. El Procoop ha contribuido de manera significativa a la profesionalizaci\u00f3n y capacitaci\u00f3n t\u00e9cnica del cooperativismo, acompa\u00f1ando su crecimiento y ampliando su inserci\u00f3n en la sociedad. La renovaci\u00f3n y fortalecimiento de este compromiso interinstitucional reafirma la apuesta a la formaci\u00f3n como eje estrat\u00e9gico para consolidar empresas cooperativas eficientes, sostenibles y centradas en las personas.<\/p>\n<p>La firma de este acuerdo no solo garantiza la continuidad del Programa, sino que proyecta una nueva etapa de expansi\u00f3n y profundizaci\u00f3n del Procoop, fortaleciendo el v\u00ednculo entre el Estado y el movimiento cooperativo. En esta nueva etapa se asignar\u00e1n 75 millones de pesos para ampliar su alcance durante 2026 y 2027, con el objetivo de fortalecer las capacidades y mejorar la inserci\u00f3n competitiva en el mercado de las cooperativas y organizaciones de la econom\u00eda social y solidaria.<\/p>\n<p>Monta\u00f1o subray\u00f3 a su vez, que el cooperativismo ha alcanzado una etapa de madurez que le exige nuevos desaf\u00edos y mayores niveles de incidencia, tanto en el \u00e1mbito nacional como internacional. En ese sentido, reafirm\u00f3 la voluntad del movimiento de continuar fortaleciendo su participaci\u00f3n en los espacios de direcci\u00f3n y gesti\u00f3n de las pol\u00edticas que lo involucran, consolid\u00e1ndose como un socio estrat\u00e9gico del Estado para aportar soluciones concretas a las necesidades de la poblaci\u00f3n.<\/p>\n<p>&nbsp;<\/p>\n<p><em>fuente: <a href=\"http:\/\/www.cudecoop.coop\" target=\"_blank\" rel=\"noopener\">www.cudecoop.coop<\/a><\/em><\/p>\n","protected":false},"excerpt":{"rendered":"<p>Se firm\u00f3 en el Ministerio de Trabajo y Seguridad Social (MTSS) un nuevo acuerdo para ampliar y dar continuidad al Programa de Formaci\u00f3n Cooperativa (Procoop) entre el Instituto Nacional del Cooperativismo (Inacoop) y el Instituto Nacional de Empleo y Formaci\u00f3n Profesional (Inefop), una herramienta que desde hace m\u00e1s de una d\u00e9cada cumple un papel central [&hellip;]<\/p>\n","protected":false},"author":1,"featured_media":3750,"comment_status":"closed","ping_status":"closed","sticky":false,"template":"","format":"standard","meta":{"footnotes":""},"categories":[705,28],"tags":[],"class_list":["post-3749","post","type-post","status-publish","format-standard","has-post-thumbnail","hentry","category-educacion","category-uruguay"],"_links":{"self":[{"href":"https:\/\/modocooperativo.uy\/index.php\/wp-json\/wp\/v2\/posts\/3749","targetHints":{"allow":["GET"]}}],"collection":[{"href":"https:\/\/modocooperativo.uy\/index.php\/wp-json\/wp\/v2\/posts"}],"about":[{"href":"https:\/\/modocooperativo.uy\/index.php\/wp-json\/wp\/v2\/types\/post"}],"author":[{"embeddable":true,"href":"https:\/\/modocooperativo.uy\/index.php\/wp-json\/wp\/v2\/users\/1"}],"replies":[{"embeddable":true,"href":"https:\/\/modocooperativo.uy\/index.php\/wp-json\/wp\/v2\/comments?post=3749"}],"version-history":[{"count":2,"href":"https:\/\/modocooperativo.uy\/index.php\/wp-json\/wp\/v2\/posts\/3749\/revisions"}],"predecessor-version":[{"id":3752,"href":"https:\/\/modocooperativo.uy\/index.php\/wp-json\/wp\/v2\/posts\/3749\/revisions\/3752"}],"wp:featuredmedia":[{"embeddable":true,"href":"https:\/\/modocooperativo.uy\/index.php\/wp-json\/wp\/v2\/media\/3750"}],"wp:attachment":[{"href":"https:\/\/modocooperativo.uy\/index.php\/wp-json\/wp\/v2\/media?parent=3749"}],"wp:term":[{"taxonomy":"category","embeddable":true,"href":"https:\/\/modocooperativo.uy\/index.php\/wp-json\/wp\/v2\/categories?post=3749"},{"taxonomy":"post_tag","embeddable":true,"href":"https:\/\/modocooperativo.uy\/index.php\/wp-json\/wp\/v2\/tags?post=3749"}],"curies":[{"name":"wp","href":"https:\/\/api.w.org\/{rel}","templated":true}]}}