{"id":3744,"date":"2026-03-12T11:50:50","date_gmt":"2026-03-12T14:50:50","guid":{"rendered":"https:\/\/modocooperativo.uy\/?p=3744"},"modified":"2026-03-17T11:52:32","modified_gmt":"2026-03-17T14:52:32","slug":"10-anos-de-incubacoop-la-incubadora-de-cooperativas","status":"publish","type":"post","link":"https:\/\/modocooperativo.uy\/index.php\/2026\/03\/12\/10-anos-de-incubacoop-la-incubadora-de-cooperativas\/","title":{"rendered":"10 a\u00f1os de Incubacoop, la incubadora de cooperativas"},"content":{"rendered":"<p>El mi\u00e9rcoles 11 de marzo en instalaciones de Presidencia de la Rep\u00fablica se celebr\u00f3 el 10\u00b0 Aniversario de Incubacoop,\u00a0la incubadora de cooperativas con proyectos en sectores innovadores. Este evento reuni\u00f3 a decenas autoridades nacionales y departamentales, organizaciones vinculadas al movimiento cooperativo y el ecosistema emprendedor, equipos y referentes territoriales y decenas de cooperativistas que fueron parte de este recorrido.<\/p>\n<p>Incubacoop surge de la necesidad de fomentar y apoyar el desarrollo de nuevos emprendimientos cooperativos en sectores de oportunidad e innovaci\u00f3n donde el cooperativismo no sol\u00eda emprender en Uruguay y se desarrolla y proyecta\u00a0a partir de la alianza estrat\u00e9gica que realizaron sus tres instituciones socias: la Confederaci\u00f3n Uruguaya de Entidades Cooperativas, Cudecoop; el Instituto Nacional del Cooperativismo, Inacoop; y el Ministerio de Industria, Energ\u00eda y Miner\u00eda, MIEM.<\/p>\n<p>En esta instancia, integrantes de distintas cooperativas egresadas del proceso de incubaci\u00f3n presentaron sus proyectos y narraron sus experiencias, participaron\u00a0Clara Texeira, de Cooperativa Mostro y\u00a0Andr\u00e9s Roel de Cooperativa Intergalactic,\u00a0ambas del sector audiovisual; Martin Varela de Cooperativa Ecosniergia,\u00a0del sector bioconstrucci\u00f3n; y\u00a0Yamila Imperial de Cooperativa Game Dojo,\u00a0del sector videojuegos.<\/p>\n<p>Previo al cierre, autoridades de las organizaciones que forman parte de Incubacoop realizaron la firma del nuevo convenio 2026-2027 y destacaron, desde sus roles, la importancia de que este proyecto siga creciendo.<\/p>\n<p>Juan Carlos Canessa, secretario de Cudecoop, destac\u00f3 \u201cIncubacooop fue una iniciativa pensada con una mirada amplia, enfocada en el desarrollo y el impacto social, m\u00e1s all\u00e1 de coyunturas o visiones particulares\u2026 Despu\u00e9s de m\u00e1s de 10 a\u00f1os de recorrido, la incubadora ha demostrado algo muy claro: cuando se acompa\u00f1a a las personas y se fortalecen las ideas colectivas, los proyectos nacen y las comunidades crecen.\u201d<\/p>\n<p>Graciela Fern\u00e1ndez, presidenta de Inacoop por su parte agreg\u00f3 \u201cVamos a continuar desde la pol\u00edtica p\u00fablica por este camino con asistencia t\u00e9cnica, capacitaci\u00f3n y financiamiento, son los instrumentos que Inacoop tiene para brindar\u201d.<\/p>\n<p>El cierre estuvo a cargo de Fernanda Cardona, ministra del MIEM quien concluy\u00f3\u00a0\u201cEl cooperativismo forma parte de la estrategia productiva de Uruguay y de nuestro Ministerio; forma parte de la manera en que pensamos la innovaci\u00f3n y forma parte del modo en que queremos construir desarrollo: un desarrollo que combine crecimiento econ\u00f3mico con inclusi\u00f3n social, arraigo territorial y participaci\u00f3n democr\u00e1tica en la producci\u00f3n, para generar empleos de calidad\u201d<\/p>\n<p>Entre las personas participantes se destac\u00f3 la presencia de Juan Castillo, ministro de trabajo y seguridad social, y\u00a0 Luc\u00eda Etcheverry, ministra de transporte y obras\u00a0 p\u00fablicas.<\/p>\n<p>Durante este evento se relanz\u00f3 el llamado abierto que tiene Incubacoop hasta el 26 de marzo \u00a1<a href=\"https:\/\/incubacoop.org.uy\/formularios-de-inscripcion\/\">Conoc\u00e9 m\u00e1s<\/a>!<\/p>\n<p><img fetchpriority=\"high\" decoding=\"async\" class=\"alignnone size-medium wp-image-5468\" src=\"http:\/\/www.cudecoop.coop\/cudecoop\/wp-content\/uploads\/2026\/03\/WhatsApp-Image-2026-03-11-at-4.23.28-PM-300x200.jpeg\" sizes=\"(max-width: 300px) 100vw, 300px\" srcset=\"https:\/\/www.cudecoop.coop\/cudecoop\/wp-content\/uploads\/2026\/03\/WhatsApp-Image-2026-03-11-at-4.23.28-PM-300x200.jpeg 300w, https:\/\/www.cudecoop.coop\/cudecoop\/wp-content\/uploads\/2026\/03\/WhatsApp-Image-2026-03-11-at-4.23.28-PM-1024x684.jpeg 1024w, https:\/\/www.cudecoop.coop\/cudecoop\/wp-content\/uploads\/2026\/03\/WhatsApp-Image-2026-03-11-at-4.23.28-PM-768x513.jpeg 768w, https:\/\/www.cudecoop.coop\/cudecoop\/wp-content\/uploads\/2026\/03\/WhatsApp-Image-2026-03-11-at-4.23.28-PM-1536x1025.jpeg 1536w, https:\/\/www.cudecoop.coop\/cudecoop\/wp-content\/uploads\/2026\/03\/WhatsApp-Image-2026-03-11-at-4.23.28-PM-24x16.jpeg 24w, https:\/\/www.cudecoop.coop\/cudecoop\/wp-content\/uploads\/2026\/03\/WhatsApp-Image-2026-03-11-at-4.23.28-PM-36x24.jpeg 36w, https:\/\/www.cudecoop.coop\/cudecoop\/wp-content\/uploads\/2026\/03\/WhatsApp-Image-2026-03-11-at-4.23.28-PM-48x32.jpeg 48w, https:\/\/www.cudecoop.coop\/cudecoop\/wp-content\/uploads\/2026\/03\/WhatsApp-Image-2026-03-11-at-4.23.28-PM.jpeg 1600w\" alt=\"\" width=\"300\" height=\"200\" \/><img decoding=\"async\" class=\"alignnone size-medium wp-image-5472 lazyload\" data-src=\"http:\/\/www.cudecoop.coop\/cudecoop\/wp-content\/uploads\/2026\/03\/WhatsApp-Image-2026-03-11-at-4.23.23-PM-300x200.jpeg\" data-sizes=\"(max-width: 300px) 100vw, 300px\" data-srcset=\"https:\/\/www.cudecoop.coop\/cudecoop\/wp-content\/uploads\/2026\/03\/WhatsApp-Image-2026-03-11-at-4.23.23-PM-300x200.jpeg 300w, https:\/\/www.cudecoop.coop\/cudecoop\/wp-content\/uploads\/2026\/03\/WhatsApp-Image-2026-03-11-at-4.23.23-PM-1024x684.jpeg 1024w, https:\/\/www.cudecoop.coop\/cudecoop\/wp-content\/uploads\/2026\/03\/WhatsApp-Image-2026-03-11-at-4.23.23-PM-768x513.jpeg 768w, https:\/\/www.cudecoop.coop\/cudecoop\/wp-content\/uploads\/2026\/03\/WhatsApp-Image-2026-03-11-at-4.23.23-PM-1536x1025.jpeg 1536w, https:\/\/www.cudecoop.coop\/cudecoop\/wp-content\/uploads\/2026\/03\/WhatsApp-Image-2026-03-11-at-4.23.23-PM-24x16.jpeg 24w, https:\/\/www.cudecoop.coop\/cudecoop\/wp-content\/uploads\/2026\/03\/WhatsApp-Image-2026-03-11-at-4.23.23-PM-36x24.jpeg 36w, https:\/\/www.cudecoop.coop\/cudecoop\/wp-content\/uploads\/2026\/03\/WhatsApp-Image-2026-03-11-at-4.23.23-PM-48x32.jpeg 48w, https:\/\/www.cudecoop.coop\/cudecoop\/wp-content\/uploads\/2026\/03\/WhatsApp-Image-2026-03-11-at-4.23.23-PM.jpeg 1600w\" alt=\"\" width=\"300\" height=\"200\" src=\"data:image\/svg+xml;base64,PHN2ZyB3aWR0aD0iMSIgaGVpZ2h0PSIxIiB4bWxucz0iaHR0cDovL3d3dy53My5vcmcvMjAwMC9zdmciPjwvc3ZnPg==\" style=\"--smush-placeholder-width: 300px; --smush-placeholder-aspect-ratio: 300\/200;\" \/><img decoding=\"async\" class=\"alignnone size-medium wp-image-5466 lazyload\" data-src=\"http:\/\/www.cudecoop.coop\/cudecoop\/wp-content\/uploads\/2026\/03\/WhatsApp-Image-2026-03-11-at-4.23.23-PM-3-300x200.jpeg\" data-sizes=\"(max-width: 300px) 100vw, 300px\" data-srcset=\"https:\/\/www.cudecoop.coop\/cudecoop\/wp-content\/uploads\/2026\/03\/WhatsApp-Image-2026-03-11-at-4.23.23-PM-3-300x200.jpeg 300w, https:\/\/www.cudecoop.coop\/cudecoop\/wp-content\/uploads\/2026\/03\/WhatsApp-Image-2026-03-11-at-4.23.23-PM-3-1024x684.jpeg 1024w, https:\/\/www.cudecoop.coop\/cudecoop\/wp-content\/uploads\/2026\/03\/WhatsApp-Image-2026-03-11-at-4.23.23-PM-3-768x513.jpeg 768w, https:\/\/www.cudecoop.coop\/cudecoop\/wp-content\/uploads\/2026\/03\/WhatsApp-Image-2026-03-11-at-4.23.23-PM-3-1536x1025.jpeg 1536w, https:\/\/www.cudecoop.coop\/cudecoop\/wp-content\/uploads\/2026\/03\/WhatsApp-Image-2026-03-11-at-4.23.23-PM-3-24x16.jpeg 24w, https:\/\/www.cudecoop.coop\/cudecoop\/wp-content\/uploads\/2026\/03\/WhatsApp-Image-2026-03-11-at-4.23.23-PM-3-36x24.jpeg 36w, https:\/\/www.cudecoop.coop\/cudecoop\/wp-content\/uploads\/2026\/03\/WhatsApp-Image-2026-03-11-at-4.23.23-PM-3-48x32.jpeg 48w, https:\/\/www.cudecoop.coop\/cudecoop\/wp-content\/uploads\/2026\/03\/WhatsApp-Image-2026-03-11-at-4.23.23-PM-3.jpeg 1600w\" alt=\"\" width=\"300\" height=\"200\" src=\"data:image\/svg+xml;base64,PHN2ZyB3aWR0aD0iMSIgaGVpZ2h0PSIxIiB4bWxucz0iaHR0cDovL3d3dy53My5vcmcvMjAwMC9zdmciPjwvc3ZnPg==\" style=\"--smush-placeholder-width: 300px; --smush-placeholder-aspect-ratio: 300\/200;\" \/><img decoding=\"async\" class=\"alignnone size-medium wp-image-5471 lazyload\" data-src=\"http:\/\/www.cudecoop.coop\/cudecoop\/wp-content\/uploads\/2026\/03\/WhatsApp-Image-2026-03-11-at-4.23.23-PM-1-300x200.jpeg\" data-sizes=\"auto, (max-width: 300px) 100vw, 300px\" data-srcset=\"https:\/\/www.cudecoop.coop\/cudecoop\/wp-content\/uploads\/2026\/03\/WhatsApp-Image-2026-03-11-at-4.23.23-PM-1-300x200.jpeg 300w, https:\/\/www.cudecoop.coop\/cudecoop\/wp-content\/uploads\/2026\/03\/WhatsApp-Image-2026-03-11-at-4.23.23-PM-1-1024x684.jpeg 1024w, https:\/\/www.cudecoop.coop\/cudecoop\/wp-content\/uploads\/2026\/03\/WhatsApp-Image-2026-03-11-at-4.23.23-PM-1-768x513.jpeg 768w, https:\/\/www.cudecoop.coop\/cudecoop\/wp-content\/uploads\/2026\/03\/WhatsApp-Image-2026-03-11-at-4.23.23-PM-1-1536x1025.jpeg 1536w, https:\/\/www.cudecoop.coop\/cudecoop\/wp-content\/uploads\/2026\/03\/WhatsApp-Image-2026-03-11-at-4.23.23-PM-1-24x16.jpeg 24w, https:\/\/www.cudecoop.coop\/cudecoop\/wp-content\/uploads\/2026\/03\/WhatsApp-Image-2026-03-11-at-4.23.23-PM-1-36x24.jpeg 36w, https:\/\/www.cudecoop.coop\/cudecoop\/wp-content\/uploads\/2026\/03\/WhatsApp-Image-2026-03-11-at-4.23.23-PM-1-48x32.jpeg 48w, https:\/\/www.cudecoop.coop\/cudecoop\/wp-content\/uploads\/2026\/03\/WhatsApp-Image-2026-03-11-at-4.23.23-PM-1.jpeg 1600w\" alt=\"\" width=\"300\" height=\"200\" src=\"data:image\/svg+xml;base64,PHN2ZyB3aWR0aD0iMSIgaGVpZ2h0PSIxIiB4bWxucz0iaHR0cDovL3d3dy53My5vcmcvMjAwMC9zdmciPjwvc3ZnPg==\" style=\"--smush-placeholder-width: 300px; --smush-placeholder-aspect-ratio: 300\/200;\" \/><\/p>\n<p>&nbsp;<\/p>\n<p><em>fuente: <a href=\"http:\/\/www.cudecoop.coop\" target=\"_blank\" rel=\"noopener\">www.cudecoop.coop<\/a><\/em><\/p>\n","protected":false},"excerpt":{"rendered":"<p>El mi\u00e9rcoles 11 de marzo en instalaciones de Presidencia de la Rep\u00fablica se celebr\u00f3 el 10\u00b0 Aniversario de Incubacoop,\u00a0la incubadora de cooperativas con proyectos en sectores innovadores. Este evento reuni\u00f3 a decenas autoridades nacionales y departamentales, organizaciones vinculadas al movimiento cooperativo y el ecosistema emprendedor, equipos y referentes territoriales y decenas de cooperativistas que fueron [&hellip;]<\/p>\n","protected":false},"author":1,"featured_media":3745,"comment_status":"closed","ping_status":"closed","sticky":false,"template":"","format":"standard","meta":{"footnotes":""},"categories":[28],"tags":[109],"class_list":["post-3744","post","type-post","status-publish","format-standard","has-post-thumbnail","hentry","category-uruguay","tag-incubacoop"],"_links":{"self":[{"href":"https:\/\/modocooperativo.uy\/index.php\/wp-json\/wp\/v2\/posts\/3744","targetHints":{"allow":["GET"]}}],"collection":[{"href":"https:\/\/modocooperativo.uy\/index.php\/wp-json\/wp\/v2\/posts"}],"about":[{"href":"https:\/\/modocooperativo.uy\/index.php\/wp-json\/wp\/v2\/types\/post"}],"author":[{"embeddable":true,"href":"https:\/\/modocooperativo.uy\/index.php\/wp-json\/wp\/v2\/users\/1"}],"replies":[{"embeddable":true,"href":"https:\/\/modocooperativo.uy\/index.php\/wp-json\/wp\/v2\/comments?post=3744"}],"version-history":[{"count":3,"href":"https:\/\/modocooperativo.uy\/index.php\/wp-json\/wp\/v2\/posts\/3744\/revisions"}],"predecessor-version":[{"id":3748,"href":"https:\/\/modocooperativo.uy\/index.php\/wp-json\/wp\/v2\/posts\/3744\/revisions\/3748"}],"wp:featuredmedia":[{"embeddable":true,"href":"https:\/\/modocooperativo.uy\/index.php\/wp-json\/wp\/v2\/media\/3745"}],"wp:attachment":[{"href":"https:\/\/modocooperativo.uy\/index.php\/wp-json\/wp\/v2\/media?parent=3744"}],"wp:term":[{"taxonomy":"category","embeddable":true,"href":"https:\/\/modocooperativo.uy\/index.php\/wp-json\/wp\/v2\/categories?post=3744"},{"taxonomy":"post_tag","embeddable":true,"href":"https:\/\/modocooperativo.uy\/index.php\/wp-json\/wp\/v2\/tags?post=3744"}],"curies":[{"name":"wp","href":"https:\/\/api.w.org\/{rel}","templated":true}]}}