{"id":3300,"date":"2025-01-18T15:12:51","date_gmt":"2025-01-18T18:12:51","guid":{"rendered":"https:\/\/modocooperativo.uy\/?p=3300"},"modified":"2025-01-21T12:14:53","modified_gmt":"2025-01-21T15:14:53","slug":"san-jose-sera-la-capital-del-cooperativismo-2025","status":"publish","type":"post","link":"https:\/\/modocooperativo.uy\/index.php\/2025\/01\/18\/san-jose-sera-la-capital-del-cooperativismo-2025\/","title":{"rendered":"San Jos\u00e9 ser\u00e1 la Capital del Cooperativismo 2025"},"content":{"rendered":"<p>El Poder Ejecutivo de Uruguay ha presentado un proyecto de ley para designar a\u00a0San Jos\u00e9 de Mayo\u00a0como la\u00a0Capital Nacional del Cooperativismo\u00a0en 2025.<\/p>\n<p>Esta iniciativa, propuesta por el Instituto Nacional del Cooperativismo (INACOOP), destaca la significativa presencia y contribuci\u00f3n de las cooperativas en el departamento de San Jos\u00e9.<\/p>\n<p>Evoluci\u00f3n del Cooperativismo en San Jos\u00e9<\/p>\n<p>Seg\u00fan el Censo Cooperativo de 2008, San Jos\u00e9 contaba con 26 cooperativas, incluyendo agrarias, de trabajo, sociales, m\u00e9dicas y de vivienda. Este n\u00famero ha crecido notablemente, alcanzando actualmente 81 cooperativas activas:<\/p>\n<ul>\n<li>2 cooperativas sociales<\/li>\n<li>19 de trabajo<\/li>\n<li>8 agrarias<\/li>\n<li>52 de vivienda<\/li>\n<\/ul>\n<p>Adem\u00e1s, existen tres entidades de la econom\u00eda social y solidaria, entre ellas sociedades de fomento rural y agrupaciones de productores de quesos artesanales.<\/p>\n<p>Innovaci\u00f3n e impacto Econ\u00f3mico y Social<\/p>\n<p>Las cooperativas en San Jos\u00e9 generan empleo para m\u00e1s de 300 trabajadores activos, sin contar aquellos vinculados a cooperativas de alcance regional o nacional. Estas organizaciones est\u00e1n distribuidas en diversas localidades del departamento, como Ciudad Rodr\u00edguez, Ecilda Paullier, Libertad y Ciudad del Plata, entre otras.<\/p>\n<p>La diversidad de rubros es amplia, abarcando sectores como horticultura, fruticultura, apicultura, queser\u00eda, agricultura, ganader\u00eda y lecher\u00eda. Destacan experiencias innovadoras, como la producci\u00f3n de ladrillos ecol\u00f3gicos, y servicios en \u00e1reas de salud, educaci\u00f3n y proyectos sociales y culturales.<\/p>\n<p>Hay experiencias innovadoras, como la producci\u00f3n de ladrillos ecol\u00f3gicas y otras orientadas a los servicios, sean odontol\u00f3gicos, de enfermer\u00eda, cuidados, proyectos sociales y culturales y la educaci\u00f3n formal de los ciclos de primaria y secundaria, como aquellas que gestionan centros CAIF. Con el apoyo de INACOOP, una cooperativa de trabajo se ha especializado en la realizaci\u00f3n de instalaciones el\u00e9ctricas internas, que se ejecuta en virtud de un convenio con UTE. Las dos cooperativas sociales activas est\u00e1n prestando servicios para OSE y ANEP.<\/p>\n<p>Reconocimiento Internacional<\/p>\n<p>La designaci\u00f3n de San Jos\u00e9 de Mayo como Capital Nacional del Cooperativismo en 2025 coincide con la declaraci\u00f3n de ese a\u00f1o como\u00a0A\u00f1o Internacional de las Cooperativas\u00a0por parte de las Naciones Unidas. Este reconocimiento busca promover p\u00fablicamente el cooperativismo y comprometer a los Estados Miembros con su desarrollo.<\/p>\n<p>La rica historia cooperativa de San Jos\u00e9, incluyendo la fundaci\u00f3n del Centro Cooperativista Uruguayo en la d\u00e9cada de 1960, resalta la importancia del departamento en el movimiento cooperativo nacional.<\/p>\n<p>La aprobaci\u00f3n de este proyecto de ley fortalecer\u00e1 el reconocimiento y apoyo al cooperativismo en Uruguay, promoviendo su crecimiento y consolidaci\u00f3n como modelo de desarrollo econ\u00f3mico y social.<\/p>\n<p>Para m\u00e1s detalles, puede consultarse el\u00a0<a href=\"https:\/\/medios.presidencia.gub.uy\/legal\/2024\/proyectos\/12\/cons_min_980.pdf\">comunicado oficial del Poder Ejecutivo.<\/a><\/p>\n<p>&nbsp;<\/p>\n<p>&nbsp;<\/p>\n<p><em>fuente: <a href=\"http:\/\/www.fcpu.coop.uy\" target=\"_blank\" rel=\"noopener\">www.fcpu.coop.uy<\/a><\/em><\/p>\n","protected":false},"excerpt":{"rendered":"<p>El Poder Ejecutivo de Uruguay ha presentado un proyecto de ley para designar a\u00a0San Jos\u00e9 de Mayo\u00a0como la\u00a0Capital Nacional del Cooperativismo\u00a0en 2025. Esta iniciativa, propuesta por el Instituto Nacional del Cooperativismo (INACOOP), destaca la significativa presencia y contribuci\u00f3n de las cooperativas en el departamento de San Jos\u00e9. Evoluci\u00f3n del Cooperativismo en San Jos\u00e9 Seg\u00fan el [&hellip;]<\/p>\n","protected":false},"author":1,"featured_media":3301,"comment_status":"closed","ping_status":"closed","sticky":false,"template":"","format":"standard","meta":{"footnotes":""},"categories":[28],"tags":[328,251],"class_list":["post-3300","post","type-post","status-publish","format-standard","has-post-thumbnail","hentry","category-uruguay","tag-capital-del-cooperativismo","tag-san-jose"],"_links":{"self":[{"href":"https:\/\/modocooperativo.uy\/index.php\/wp-json\/wp\/v2\/posts\/3300","targetHints":{"allow":["GET"]}}],"collection":[{"href":"https:\/\/modocooperativo.uy\/index.php\/wp-json\/wp\/v2\/posts"}],"about":[{"href":"https:\/\/modocooperativo.uy\/index.php\/wp-json\/wp\/v2\/types\/post"}],"author":[{"embeddable":true,"href":"https:\/\/modocooperativo.uy\/index.php\/wp-json\/wp\/v2\/users\/1"}],"replies":[{"embeddable":true,"href":"https:\/\/modocooperativo.uy\/index.php\/wp-json\/wp\/v2\/comments?post=3300"}],"version-history":[{"count":2,"href":"https:\/\/modocooperativo.uy\/index.php\/wp-json\/wp\/v2\/posts\/3300\/revisions"}],"predecessor-version":[{"id":3303,"href":"https:\/\/modocooperativo.uy\/index.php\/wp-json\/wp\/v2\/posts\/3300\/revisions\/3303"}],"wp:featuredmedia":[{"embeddable":true,"href":"https:\/\/modocooperativo.uy\/index.php\/wp-json\/wp\/v2\/media\/3301"}],"wp:attachment":[{"href":"https:\/\/modocooperativo.uy\/index.php\/wp-json\/wp\/v2\/media?parent=3300"}],"wp:term":[{"taxonomy":"category","embeddable":true,"href":"https:\/\/modocooperativo.uy\/index.php\/wp-json\/wp\/v2\/categories?post=3300"},{"taxonomy":"post_tag","embeddable":true,"href":"https:\/\/modocooperativo.uy\/index.php\/wp-json\/wp\/v2\/tags?post=3300"}],"curies":[{"name":"wp","href":"https:\/\/api.w.org\/{rel}","templated":true}]}}