{"id":2239,"date":"2022-06-08T10:19:21","date_gmt":"2022-06-08T13:19:21","guid":{"rendered":"https:\/\/modocooperativo.uy\/?p=2239"},"modified":"2022-06-08T10:21:06","modified_gmt":"2022-06-08T13:21:06","slug":"hacia-una-politica-ambiental-con-el-cooperativismo","status":"publish","type":"post","link":"https:\/\/modocooperativo.uy\/index.php\/2022\/06\/08\/hacia-una-politica-ambiental-con-el-cooperativismo\/","title":{"rendered":"Hacia una pol\u00edtica ambiental con el cooperativismo"},"content":{"rendered":"<p><strong>Marisol Fuentes particip\u00f3 como representante de la FCPU en el encuentro Econom\u00eda verde y cooperativismo realizado en la Uni\u00f3n Europea en el marco del proyecto \u201cMovimiento cooperativo por Uruguay sostenible\u201d. En su participaci\u00f3n destac\u00f3 el rol que tendr\u00e1 el movimiento de trabajo en la pol\u00edtica ambiental y el compromiso que se tiene con el desarrollo productivo del sector.<\/strong><\/p>\n<p>El proyecto\u00a0<strong>\u201cMovimiento cooperativo por Uruguay sostenible\u201d<\/strong>\u00a0realiz\u00f3 su evento virtual y presencial de lanzamiento en la sede de la Uni\u00f3n Europea a trav\u00e9s del evento\u00a0<strong>Econom\u00eda verde y cooperativismo<\/strong>.<\/p>\n<p>Esta actividad se enmarc\u00f3 en la celebraci\u00f3n del mes de Europa, y cont\u00f3 con la participaci\u00f3n de representantes del sector cooperativo, de la Uni\u00f3n Europea y de organizaciones que trabajan en materia de desarrollo sustentable.\u00a0 En las palabras de apertura el Embajador de la UE en Uruguay, Pablo Berizzi, mencion\u00f3 que no existen atajos para el logro de los\u00a0<a href=\"https:\/\/twitter.com\/hashtag\/ODS?src=hashtag_click\">ODS<\/a>\u00a0y en Uruguay existen grandes aliados para el fortalecimiento de las pol\u00edticas ambientales y cambio clim\u00e1tico.<\/p>\n<p>Los disertantes presentaron sus propuestas en materia de pol\u00edtica ambiental institucional, en el caso de Marisol Fuentes, representante de FCPU en el evento se\u00f1al\u00f3 la importancia que tiene el sector cooperativo de trabajo en la construcci\u00f3n de una pol\u00edtica ambiental acorde a los tiempos que vivimos, la posibilidad que tienen las cooperativas de ser parte de un cambio en nuestro ecosistema y tambi\u00e9n en nuestra sociedad.<\/p>\n<p>Marisol prefiri\u00f3 luego ejemplificar sus palabras a trav\u00e9s de un video en donde representantes de la cooperativa de recicladores de La Paloma presentaban su experiencia y la importancia que para ellos significaba ser parte de las acciones en favor del medio ambiente. Los mismos participantes estuvieron presentes en el evento lo que demostr\u00f3 el compromiso con el trabajo que llevan adelante, m\u00e1s all\u00e1 del quehacer diario.<\/p>\n<p>El Proyecto\u00a0<strong>\u201cMovimiento cooperativo por Uruguay sostenible\u201d<\/strong>\u00a0es ejecutado por Cudecoop, CAF, CNFR, FCPU, FUCC, CCU con el cofinanciamiento de Uni\u00f3n Europea, comenz\u00f3 su organizaci\u00f3n y agenda de trabajo en setiembre 2021, con una extensi\u00f3n de tres a\u00f1os, con alcance a todo el territorio nacional.<\/p>\n<p>El consorcio cooperativo a trav\u00e9s de este proyecto busca contribuir a reactivar el empleo y generaci\u00f3n de ingresos tras la pandemia del\u00a0 COVID-19; mejorar la participaci\u00f3n cooperativa en las estrategias de desarrollo econ\u00f3mico sustentable,\u00a0centradas en el consumo y la producci\u00f3n; contribuir a enfrentar el cambio clim\u00e1tico y\u00a0conservar el medio ambiente, aportando directamente a los ODS 8, 12 ,10 y 13 de la Agenda 2030;y potenciar al sistema cooperativo como aliado clave en las pol\u00edticas p\u00fablicas para el\u00a0desarrollo sostenible, a partir de experiencias cooperativas de producci\u00f3n, distribuci\u00f3n y consumo\u00a0orientados a la inter-cooperaci\u00f3n (cooperaci\u00f3n entre cooperativas) y los principios de la Econom\u00eda Verde.<\/p>\n<p>El proyecto prev\u00e9 un alcance de 12 cooperativas de consumo (socias de FUCC); 50 cooperativas de base y sociedades de fomento rural (SFR), involucrando a m\u00e1s de 1.500 cooperativistas\/socios de SFR (socias de CAF, CNFR, FCPU); dentro de los cuales un 45% y un 30% de los participantes ser\u00e1n mujeres y j\u00f3venes<\/p>\n<p>Las herramientas que pone a disposici\u00f3n refieren principalmente a capacitaciones, asistencias t\u00e9cnicas, consultor\u00edas especializadas de apoyos, el SiCoop (como plataforma cooperativa de comercializaci\u00f3n), intercooperaci\u00f3n entre los integrantes del movimiento cooperativo.<\/p>\n<p>&nbsp;<\/p>\n<p>&nbsp;<\/p>\n<p><em>fuente: <a href=\"https:\/\/fcpu.coop\" target=\"_blank\" rel=\"noopener\">fcpu.coop<\/a><\/em><\/p>\n","protected":false},"excerpt":{"rendered":"<p>Marisol Fuentes particip\u00f3 como representante de la FCPU en el encuentro Econom\u00eda verde y cooperativismo realizado en la Uni\u00f3n Europea en el marco del proyecto \u201cMovimiento cooperativo por Uruguay sostenible\u201d. En su participaci\u00f3n destac\u00f3 el rol que tendr\u00e1 el movimiento de trabajo en la pol\u00edtica ambiental y el compromiso que se tiene con el desarrollo [&hellip;]<\/p>\n","protected":false},"author":1,"featured_media":2240,"comment_status":"open","ping_status":"open","sticky":false,"template":"","format":"standard","meta":{"footnotes":""},"categories":[28],"tags":[179,556],"class_list":["post-2239","post","type-post","status-publish","format-standard","has-post-thumbnail","hentry","category-uruguay","tag-fcpu","tag-uruguay-sostenible"],"_links":{"self":[{"href":"https:\/\/modocooperativo.uy\/index.php\/wp-json\/wp\/v2\/posts\/2239","targetHints":{"allow":["GET"]}}],"collection":[{"href":"https:\/\/modocooperativo.uy\/index.php\/wp-json\/wp\/v2\/posts"}],"about":[{"href":"https:\/\/modocooperativo.uy\/index.php\/wp-json\/wp\/v2\/types\/post"}],"author":[{"embeddable":true,"href":"https:\/\/modocooperativo.uy\/index.php\/wp-json\/wp\/v2\/users\/1"}],"replies":[{"embeddable":true,"href":"https:\/\/modocooperativo.uy\/index.php\/wp-json\/wp\/v2\/comments?post=2239"}],"version-history":[{"count":2,"href":"https:\/\/modocooperativo.uy\/index.php\/wp-json\/wp\/v2\/posts\/2239\/revisions"}],"predecessor-version":[{"id":2242,"href":"https:\/\/modocooperativo.uy\/index.php\/wp-json\/wp\/v2\/posts\/2239\/revisions\/2242"}],"wp:featuredmedia":[{"embeddable":true,"href":"https:\/\/modocooperativo.uy\/index.php\/wp-json\/wp\/v2\/media\/2240"}],"wp:attachment":[{"href":"https:\/\/modocooperativo.uy\/index.php\/wp-json\/wp\/v2\/media?parent=2239"}],"wp:term":[{"taxonomy":"category","embeddable":true,"href":"https:\/\/modocooperativo.uy\/index.php\/wp-json\/wp\/v2\/categories?post=2239"},{"taxonomy":"post_tag","embeddable":true,"href":"https:\/\/modocooperativo.uy\/index.php\/wp-json\/wp\/v2\/tags?post=2239"}],"curies":[{"name":"wp","href":"https:\/\/api.w.org\/{rel}","templated":true}]}}