{"id":1099,"date":"2020-09-04T12:24:04","date_gmt":"2020-09-04T15:24:04","guid":{"rendered":"http:\/\/modocooperativo.uy\/?p=1099"},"modified":"2020-09-04T12:24:04","modified_gmt":"2020-09-04T15:24:04","slug":"buenos-aires-proponen-a-bahia-blanca-como-capital-provincial-del-cooperativismo","status":"publish","type":"post","link":"https:\/\/modocooperativo.uy\/index.php\/2020\/09\/04\/buenos-aires-proponen-a-bahia-blanca-como-capital-provincial-del-cooperativismo\/","title":{"rendered":"Buenos Aires: Proponen a Bah\u00eda Blanca como capital provincial del cooperativismo"},"content":{"rendered":"<p>Es un proyecto conjunto entre senadores provinciales de Juntos por el Cambio y del Frente de Todos.<\/p>\n<p>Los senadores provinciales Andr\u00e9s De Leo y Nidia Moirano (Juntos por el Cambio) y\u00a0 Ayel\u00e9n Dur\u00e1n y Marcelo Feli\u00fa (Frente de Todos), presentaron un proyecto de ley en la legislatura bonaerense para declarar a Bah\u00eda Blanca, ciudad de la que son oriundos, como Capital Provincial del Cooperativismo.<\/p>\n<p>Bah\u00eda Blanca \u201cse caracteriza por tener una muy rica experiencia en materia de cooperativas, mutuales y otras formas organizativas de la econom\u00eda social y solidaria\u201d, fundamentaron al presentar el proyecto.<\/p>\n<p>En esta direcci\u00f3n, los legisladores se\u00f1alaron que \u201cen el territorio bahiense, que en sus or\u00edgenes tambi\u00e9n abarcaba el espacio geogr\u00e1fico que hoy conforman los partidos de Coronel Rosales, Puan, Tornquist y Villarino, se ha desarrollado un movimiento cooperativo muy pujante y diverso\u201d.<\/p>\n<p>En la zona sur de la provincia de Buenos Aires se forjaron las primeras entidades cooperativas del pa\u00eds, tal es el caso de la Cooperativa de consumo en Ingeniero White (1912), Punta Alta (1913) y Bah\u00eda Blanca (1919 y 1920), de cocheros (1918), el\u00e9ctricas en Ingeniero White (1924), Punta Alta (1926) y Bah\u00eda Blanca (1934), entre otras.<\/p>\n<p>Actualmente, los senadores informaron que en la actualidad m\u00e1s de sesenta entidades locales de primer grado est\u00e1n activas en la regi\u00f3n, a las que deben sumarse la presencia de sucursales de numerosas cooperativas de alcance nacional.<\/p>\n<p>&nbsp;<\/p>\n<p>&nbsp;<\/p>\n<p><em>fuente: <a href=\"https:\/\/www.mundo.coop\/\" target=\"_blank\" rel=\"noopener noreferrer\">www.mundo.coop<\/a><\/em><\/p>\n","protected":false},"excerpt":{"rendered":"<p>Es un proyecto conjunto entre senadores provinciales de Juntos por el Cambio y del Frente de Todos. Los senadores provinciales Andr\u00e9s De Leo y Nidia Moirano (Juntos por el Cambio) y\u00a0 Ayel\u00e9n Dur\u00e1n y Marcelo Feli\u00fa (Frente de Todos), presentaron un proyecto de ley en la legislatura bonaerense para declarar a Bah\u00eda Blanca, ciudad de [&hellip;]<\/p>\n","protected":false},"author":1,"featured_media":1100,"comment_status":"open","ping_status":"open","sticky":false,"template":"","format":"standard","meta":{"footnotes":""},"categories":[80,27],"tags":[81,328,34],"class_list":["post-1099","post","type-post","status-publish","format-standard","has-post-thumbnail","hentry","category-argentina","category-internacional","tag-argentina","tag-capital-del-cooperativismo","tag-cooperativas"],"_links":{"self":[{"href":"https:\/\/modocooperativo.uy\/index.php\/wp-json\/wp\/v2\/posts\/1099","targetHints":{"allow":["GET"]}}],"collection":[{"href":"https:\/\/modocooperativo.uy\/index.php\/wp-json\/wp\/v2\/posts"}],"about":[{"href":"https:\/\/modocooperativo.uy\/index.php\/wp-json\/wp\/v2\/types\/post"}],"author":[{"embeddable":true,"href":"https:\/\/modocooperativo.uy\/index.php\/wp-json\/wp\/v2\/users\/1"}],"replies":[{"embeddable":true,"href":"https:\/\/modocooperativo.uy\/index.php\/wp-json\/wp\/v2\/comments?post=1099"}],"version-history":[{"count":1,"href":"https:\/\/modocooperativo.uy\/index.php\/wp-json\/wp\/v2\/posts\/1099\/revisions"}],"predecessor-version":[{"id":1101,"href":"https:\/\/modocooperativo.uy\/index.php\/wp-json\/wp\/v2\/posts\/1099\/revisions\/1101"}],"wp:featuredmedia":[{"embeddable":true,"href":"https:\/\/modocooperativo.uy\/index.php\/wp-json\/wp\/v2\/media\/1100"}],"wp:attachment":[{"href":"https:\/\/modocooperativo.uy\/index.php\/wp-json\/wp\/v2\/media?parent=1099"}],"wp:term":[{"taxonomy":"category","embeddable":true,"href":"https:\/\/modocooperativo.uy\/index.php\/wp-json\/wp\/v2\/categories?post=1099"},{"taxonomy":"post_tag","embeddable":true,"href":"https:\/\/modocooperativo.uy\/index.php\/wp-json\/wp\/v2\/tags?post=1099"}],"curies":[{"name":"wp","href":"https:\/\/api.w.org\/{rel}","templated":true}]}}